{"id":8147,"date":"2025-03-23T13:47:13","date_gmt":"2025-03-23T17:47:13","guid":{"rendered":"https:\/\/frequencecaraibe.com\/?p=8147"},"modified":"2026-04-23T13:46:56","modified_gmt":"2026-04-23T17:46:56","slug":"vamos-a-bailar","status":"publish","type":"post","link":"https:\/\/frequencecaraibe.com\/index.php\/2025\/03\/23\/vamos-a-bailar\/","title":{"rendered":"VAMOS A BAILAR !"},"content":{"rendered":"<p><img fetchpriority=\"high\" decoding=\"async\" class=\"alignnone size-medium wp-image-9814\" src=\"https:\/\/frequencecaraibe.com\/wp-content\/uploads\/2025\/03\/Vamos-a-bailar1-544x770.jpg\" alt=\"\" width=\"544\" height=\"770\" srcset=\"https:\/\/frequencecaraibe.com\/wp-content\/uploads\/2025\/03\/Vamos-a-bailar1-544x770.jpg 544w, https:\/\/frequencecaraibe.com\/wp-content\/uploads\/2025\/03\/Vamos-a-bailar1-827x1170.jpg 827w, https:\/\/frequencecaraibe.com\/wp-content\/uploads\/2025\/03\/Vamos-a-bailar1-768x1086.jpg 768w, https:\/\/frequencecaraibe.com\/wp-content\/uploads\/2025\/03\/Vamos-a-bailar1-1086x1536.jpg 1086w, https:\/\/frequencecaraibe.com\/wp-content\/uploads\/2025\/03\/Vamos-a-bailar1.jpg 1131w\" sizes=\"(max-width: 544px) 100vw, 544px\" \/><\/p>\n<p>La Ville de Saint-Pierre et l&rsquo;Association Para Bailar Nork vous invitent aux dimanches latines au March\u00e9 Max Ransay de 15H \u00e0 21H&#8230;<\/p>\n","protected":false},"excerpt":{"rendered":"<p>La Ville de Saint-Pierre et l&rsquo;Association Para Bailar Nork vous invitent aux dimanches latines au March\u00e9 Max Ransay de 15H \u00e0 21H&#8230;<\/p>\n","protected":false},"author":2,"featured_media":9814,"comment_status":"closed","ping_status":"open","sticky":false,"template":"","format":"standard","meta":{"footnotes":""},"categories":[113,4,112],"tags":[],"class_list":["post-8147","post","type-post","status-publish","format-standard","has-post-thumbnail","hentry","category-culture","category-events","category-info"],"yoast_head":"<!-- This site is optimized with the Yoast SEO plugin v27.2 - https:\/\/yoast.com\/product\/yoast-seo-wordpress\/ -->\n<title>VAMOS A BAILAR ! - RADIO FREQUENCE CARAIBE<\/title>\n<meta name=\"robots\" content=\"index, follow, max-snippet:-1, max-image-preview:large, max-video-preview:-1\" \/>\n<link rel=\"canonical\" href=\"https:\/\/frequencecaraibe.com\/index.php\/2025\/03\/23\/vamos-a-bailar\/\" \/>\n<meta property=\"og:locale\" content=\"fr_FR\" \/>\n<meta property=\"og:type\" content=\"article\" \/>\n<meta property=\"og:title\" content=\"VAMOS A BAILAR ! - RADIO FREQUENCE CARAIBE\" \/>\n<meta property=\"og:description\" content=\"La Ville de Saint-Pierre et l&rsquo;Association Para Bailar Nork vous invitent aux dimanches latines au March\u00e9 Max Ransay de 15H \u00e0 21H&#8230;\" \/>\n<meta property=\"og:url\" content=\"https:\/\/frequencecaraibe.com\/index.php\/2025\/03\/23\/vamos-a-bailar\/\" \/>\n<meta property=\"og:site_name\" content=\"RADIO FREQUENCE CARAIBE\" \/>\n<meta property=\"article:published_time\" content=\"2025-03-23T17:47:13+00:00\" \/>\n<meta property=\"article:modified_time\" content=\"2026-04-23T17:46:56+00:00\" \/>\n<meta property=\"og:image\" content=\"https:\/\/frequencecaraibe.com\/wp-content\/uploads\/2025\/03\/Vamos-a-bailar1.jpg\" \/>\n\t<meta property=\"og:image:width\" content=\"1131\" \/>\n\t<meta property=\"og:image:height\" content=\"1600\" \/>\n\t<meta property=\"og:image:type\" content=\"image\/jpeg\" \/>\n<meta name=\"author\" content=\"webmaster\" \/>\n<meta name=\"twitter:card\" content=\"summary_large_image\" \/>\n<meta name=\"twitter:label1\" content=\"\u00c9crit par\" \/>\n\t<meta name=\"twitter:data1\" content=\"webmaster\" \/>\n\t<meta name=\"twitter:label2\" content=\"Dur\u00e9e de lecture estim\u00e9e\" \/>\n\t<meta name=\"twitter:data2\" content=\"1 minute\" \/>\n<script type=\"application\/ld+json\" class=\"yoast-schema-graph\">{\"@context\":\"https:\/\/schema.org\",\"@graph\":[{\"@type\":\"Article\",\"@id\":\"https:\/\/frequencecaraibe.com\/index.php\/2025\/03\/23\/vamos-a-bailar\/#article\",\"isPartOf\":{\"@id\":\"https:\/\/frequencecaraibe.com\/index.php\/2025\/03\/23\/vamos-a-bailar\/\"},\"author\":{\"name\":\"webmaster\",\"@id\":\"https:\/\/frequencecaraibe.com\/#\/schema\/person\/b68d877cefcbd4daaa4a4df4d92c39ba\"},\"headline\":\"VAMOS A BAILAR !\",\"datePublished\":\"2025-03-23T17:47:13+00:00\",\"dateModified\":\"2026-04-23T17:46:56+00:00\",\"mainEntityOfPage\":{\"@id\":\"https:\/\/frequencecaraibe.com\/index.php\/2025\/03\/23\/vamos-a-bailar\/\"},\"wordCount\":25,\"publisher\":{\"@id\":\"https:\/\/frequencecaraibe.com\/#organization\"},\"image\":{\"@id\":\"https:\/\/frequencecaraibe.com\/index.php\/2025\/03\/23\/vamos-a-bailar\/#primaryimage\"},\"thumbnailUrl\":\"https:\/\/frequencecaraibe.com\/wp-content\/uploads\/2025\/03\/Vamos-a-bailar1.jpg\",\"articleSection\":[\"CULTURE\",\"\u00c9V\u00c8NEMENTS\",\"INFO\"],\"inLanguage\":\"fr-FR\"},{\"@type\":\"WebPage\",\"@id\":\"https:\/\/frequencecaraibe.com\/index.php\/2025\/03\/23\/vamos-a-bailar\/\",\"url\":\"https:\/\/frequencecaraibe.com\/index.php\/2025\/03\/23\/vamos-a-bailar\/\",\"name\":\"VAMOS A BAILAR ! - RADIO FREQUENCE CARAIBE\",\"isPartOf\":{\"@id\":\"https:\/\/frequencecaraibe.com\/#website\"},\"primaryImageOfPage\":{\"@id\":\"https:\/\/frequencecaraibe.com\/index.php\/2025\/03\/23\/vamos-a-bailar\/#primaryimage\"},\"image\":{\"@id\":\"https:\/\/frequencecaraibe.com\/index.php\/2025\/03\/23\/vamos-a-bailar\/#primaryimage\"},\"thumbnailUrl\":\"https:\/\/frequencecaraibe.com\/wp-content\/uploads\/2025\/03\/Vamos-a-bailar1.jpg\",\"datePublished\":\"2025-03-23T17:47:13+00:00\",\"dateModified\":\"2026-04-23T17:46:56+00:00\",\"breadcrumb\":{\"@id\":\"https:\/\/frequencecaraibe.com\/index.php\/2025\/03\/23\/vamos-a-bailar\/#breadcrumb\"},\"inLanguage\":\"fr-FR\",\"potentialAction\":[{\"@type\":\"ReadAction\",\"target\":[\"https:\/\/frequencecaraibe.com\/index.php\/2025\/03\/23\/vamos-a-bailar\/\"]}]},{\"@type\":\"ImageObject\",\"inLanguage\":\"fr-FR\",\"@id\":\"https:\/\/frequencecaraibe.com\/index.php\/2025\/03\/23\/vamos-a-bailar\/#primaryimage\",\"url\":\"https:\/\/frequencecaraibe.com\/wp-content\/uploads\/2025\/03\/Vamos-a-bailar1.jpg\",\"contentUrl\":\"https:\/\/frequencecaraibe.com\/wp-content\/uploads\/2025\/03\/Vamos-a-bailar1.jpg\",\"width\":1131,\"height\":1600},{\"@type\":\"BreadcrumbList\",\"@id\":\"https:\/\/frequencecaraibe.com\/index.php\/2025\/03\/23\/vamos-a-bailar\/#breadcrumb\",\"itemListElement\":[{\"@type\":\"ListItem\",\"position\":1,\"name\":\"Accueil\",\"item\":\"https:\/\/frequencecaraibe.com\/\"},{\"@type\":\"ListItem\",\"position\":2,\"name\":\"VAMOS A BAILAR !\"}]},{\"@type\":\"WebSite\",\"@id\":\"https:\/\/frequencecaraibe.com\/#website\",\"url\":\"https:\/\/frequencecaraibe.com\/\",\"name\":\"RADIO FREQUENCE CARAIBE\",\"description\":\"La radio de la cote caraibe !\",\"publisher\":{\"@id\":\"https:\/\/frequencecaraibe.com\/#organization\"},\"potentialAction\":[{\"@type\":\"SearchAction\",\"target\":{\"@type\":\"EntryPoint\",\"urlTemplate\":\"https:\/\/frequencecaraibe.com\/?s={search_term_string}\"},\"query-input\":{\"@type\":\"PropertyValueSpecification\",\"valueRequired\":true,\"valueName\":\"search_term_string\"}}],\"inLanguage\":\"fr-FR\"},{\"@type\":\"Organization\",\"@id\":\"https:\/\/frequencecaraibe.com\/#organization\",\"name\":\"RADIO FREQUENCE CARAIBE\",\"url\":\"https:\/\/frequencecaraibe.com\/\",\"logo\":{\"@type\":\"ImageObject\",\"inLanguage\":\"fr-FR\",\"@id\":\"https:\/\/frequencecaraibe.com\/#\/schema\/logo\/image\/\",\"url\":\"https:\/\/frequencecaraibe.com\/wp-content\/uploads\/2020\/06\/logo_rfc.jpg\",\"contentUrl\":\"https:\/\/frequencecaraibe.com\/wp-content\/uploads\/2020\/06\/logo_rfc.jpg\",\"width\":500,\"height\":500,\"caption\":\"RADIO FREQUENCE CARAIBE\"},\"image\":{\"@id\":\"https:\/\/frequencecaraibe.com\/#\/schema\/logo\/image\/\"}},{\"@type\":\"Person\",\"@id\":\"https:\/\/frequencecaraibe.com\/#\/schema\/person\/b68d877cefcbd4daaa4a4df4d92c39ba\",\"name\":\"webmaster\",\"image\":{\"@type\":\"ImageObject\",\"inLanguage\":\"fr-FR\",\"@id\":\"https:\/\/secure.gravatar.com\/avatar\/9f9b895acc4b19a607427b9a764314cf5afbf672d9219a1df6d206d52dcadd3f?s=96&d=mm&r=g\",\"url\":\"https:\/\/secure.gravatar.com\/avatar\/9f9b895acc4b19a607427b9a764314cf5afbf672d9219a1df6d206d52dcadd3f?s=96&d=mm&r=g\",\"contentUrl\":\"https:\/\/secure.gravatar.com\/avatar\/9f9b895acc4b19a607427b9a764314cf5afbf672d9219a1df6d206d52dcadd3f?s=96&d=mm&r=g\",\"caption\":\"webmaster\"},\"sameAs\":[\"https:\/\/www.frequencecaraibe.com\"],\"url\":\"https:\/\/frequencecaraibe.com\/index.php\/author\/webmaster\/\"}]}<\/script>\n<!-- \/ Yoast SEO plugin. -->","yoast_head_json":{"title":"VAMOS A BAILAR ! - RADIO FREQUENCE CARAIBE","robots":{"index":"index","follow":"follow","max-snippet":"max-snippet:-1","max-image-preview":"max-image-preview:large","max-video-preview":"max-video-preview:-1"},"canonical":"https:\/\/frequencecaraibe.com\/index.php\/2025\/03\/23\/vamos-a-bailar\/","og_locale":"fr_FR","og_type":"article","og_title":"VAMOS A BAILAR ! - RADIO FREQUENCE CARAIBE","og_description":"La Ville de Saint-Pierre et l&rsquo;Association Para Bailar Nork vous invitent aux dimanches latines au March\u00e9 Max Ransay de 15H \u00e0 21H&#8230;","og_url":"https:\/\/frequencecaraibe.com\/index.php\/2025\/03\/23\/vamos-a-bailar\/","og_site_name":"RADIO FREQUENCE CARAIBE","article_published_time":"2025-03-23T17:47:13+00:00","article_modified_time":"2026-04-23T17:46:56+00:00","og_image":[{"width":1131,"height":1600,"url":"https:\/\/frequencecaraibe.com\/wp-content\/uploads\/2025\/03\/Vamos-a-bailar1.jpg","type":"image\/jpeg"}],"author":"webmaster","twitter_card":"summary_large_image","twitter_misc":{"\u00c9crit par":"webmaster","Dur\u00e9e de lecture estim\u00e9e":"1 minute"},"schema":{"@context":"https:\/\/schema.org","@graph":[{"@type":"Article","@id":"https:\/\/frequencecaraibe.com\/index.php\/2025\/03\/23\/vamos-a-bailar\/#article","isPartOf":{"@id":"https:\/\/frequencecaraibe.com\/index.php\/2025\/03\/23\/vamos-a-bailar\/"},"author":{"name":"webmaster","@id":"https:\/\/frequencecaraibe.com\/#\/schema\/person\/b68d877cefcbd4daaa4a4df4d92c39ba"},"headline":"VAMOS A BAILAR !","datePublished":"2025-03-23T17:47:13+00:00","dateModified":"2026-04-23T17:46:56+00:00","mainEntityOfPage":{"@id":"https:\/\/frequencecaraibe.com\/index.php\/2025\/03\/23\/vamos-a-bailar\/"},"wordCount":25,"publisher":{"@id":"https:\/\/frequencecaraibe.com\/#organization"},"image":{"@id":"https:\/\/frequencecaraibe.com\/index.php\/2025\/03\/23\/vamos-a-bailar\/#primaryimage"},"thumbnailUrl":"https:\/\/frequencecaraibe.com\/wp-content\/uploads\/2025\/03\/Vamos-a-bailar1.jpg","articleSection":["CULTURE","\u00c9V\u00c8NEMENTS","INFO"],"inLanguage":"fr-FR"},{"@type":"WebPage","@id":"https:\/\/frequencecaraibe.com\/index.php\/2025\/03\/23\/vamos-a-bailar\/","url":"https:\/\/frequencecaraibe.com\/index.php\/2025\/03\/23\/vamos-a-bailar\/","name":"VAMOS A BAILAR ! - RADIO FREQUENCE CARAIBE","isPartOf":{"@id":"https:\/\/frequencecaraibe.com\/#website"},"primaryImageOfPage":{"@id":"https:\/\/frequencecaraibe.com\/index.php\/2025\/03\/23\/vamos-a-bailar\/#primaryimage"},"image":{"@id":"https:\/\/frequencecaraibe.com\/index.php\/2025\/03\/23\/vamos-a-bailar\/#primaryimage"},"thumbnailUrl":"https:\/\/frequencecaraibe.com\/wp-content\/uploads\/2025\/03\/Vamos-a-bailar1.jpg","datePublished":"2025-03-23T17:47:13+00:00","dateModified":"2026-04-23T17:46:56+00:00","breadcrumb":{"@id":"https:\/\/frequencecaraibe.com\/index.php\/2025\/03\/23\/vamos-a-bailar\/#breadcrumb"},"inLanguage":"fr-FR","potentialAction":[{"@type":"ReadAction","target":["https:\/\/frequencecaraibe.com\/index.php\/2025\/03\/23\/vamos-a-bailar\/"]}]},{"@type":"ImageObject","inLanguage":"fr-FR","@id":"https:\/\/frequencecaraibe.com\/index.php\/2025\/03\/23\/vamos-a-bailar\/#primaryimage","url":"https:\/\/frequencecaraibe.com\/wp-content\/uploads\/2025\/03\/Vamos-a-bailar1.jpg","contentUrl":"https:\/\/frequencecaraibe.com\/wp-content\/uploads\/2025\/03\/Vamos-a-bailar1.jpg","width":1131,"height":1600},{"@type":"BreadcrumbList","@id":"https:\/\/frequencecaraibe.com\/index.php\/2025\/03\/23\/vamos-a-bailar\/#breadcrumb","itemListElement":[{"@type":"ListItem","position":1,"name":"Accueil","item":"https:\/\/frequencecaraibe.com\/"},{"@type":"ListItem","position":2,"name":"VAMOS A BAILAR !"}]},{"@type":"WebSite","@id":"https:\/\/frequencecaraibe.com\/#website","url":"https:\/\/frequencecaraibe.com\/","name":"RADIO FREQUENCE CARAIBE","description":"La radio de la cote caraibe !","publisher":{"@id":"https:\/\/frequencecaraibe.com\/#organization"},"potentialAction":[{"@type":"SearchAction","target":{"@type":"EntryPoint","urlTemplate":"https:\/\/frequencecaraibe.com\/?s={search_term_string}"},"query-input":{"@type":"PropertyValueSpecification","valueRequired":true,"valueName":"search_term_string"}}],"inLanguage":"fr-FR"},{"@type":"Organization","@id":"https:\/\/frequencecaraibe.com\/#organization","name":"RADIO FREQUENCE CARAIBE","url":"https:\/\/frequencecaraibe.com\/","logo":{"@type":"ImageObject","inLanguage":"fr-FR","@id":"https:\/\/frequencecaraibe.com\/#\/schema\/logo\/image\/","url":"https:\/\/frequencecaraibe.com\/wp-content\/uploads\/2020\/06\/logo_rfc.jpg","contentUrl":"https:\/\/frequencecaraibe.com\/wp-content\/uploads\/2020\/06\/logo_rfc.jpg","width":500,"height":500,"caption":"RADIO FREQUENCE CARAIBE"},"image":{"@id":"https:\/\/frequencecaraibe.com\/#\/schema\/logo\/image\/"}},{"@type":"Person","@id":"https:\/\/frequencecaraibe.com\/#\/schema\/person\/b68d877cefcbd4daaa4a4df4d92c39ba","name":"webmaster","image":{"@type":"ImageObject","inLanguage":"fr-FR","@id":"https:\/\/secure.gravatar.com\/avatar\/9f9b895acc4b19a607427b9a764314cf5afbf672d9219a1df6d206d52dcadd3f?s=96&d=mm&r=g","url":"https:\/\/secure.gravatar.com\/avatar\/9f9b895acc4b19a607427b9a764314cf5afbf672d9219a1df6d206d52dcadd3f?s=96&d=mm&r=g","contentUrl":"https:\/\/secure.gravatar.com\/avatar\/9f9b895acc4b19a607427b9a764314cf5afbf672d9219a1df6d206d52dcadd3f?s=96&d=mm&r=g","caption":"webmaster"},"sameAs":["https:\/\/www.frequencecaraibe.com"],"url":"https:\/\/frequencecaraibe.com\/index.php\/author\/webmaster\/"}]}},"_links":{"self":[{"href":"https:\/\/frequencecaraibe.com\/index.php\/wp-json\/wp\/v2\/posts\/8147","targetHints":{"allow":["GET"]}}],"collection":[{"href":"https:\/\/frequencecaraibe.com\/index.php\/wp-json\/wp\/v2\/posts"}],"about":[{"href":"https:\/\/frequencecaraibe.com\/index.php\/wp-json\/wp\/v2\/types\/post"}],"author":[{"embeddable":true,"href":"https:\/\/frequencecaraibe.com\/index.php\/wp-json\/wp\/v2\/users\/2"}],"replies":[{"embeddable":true,"href":"https:\/\/frequencecaraibe.com\/index.php\/wp-json\/wp\/v2\/comments?post=8147"}],"version-history":[{"count":15,"href":"https:\/\/frequencecaraibe.com\/index.php\/wp-json\/wp\/v2\/posts\/8147\/revisions"}],"predecessor-version":[{"id":9815,"href":"https:\/\/frequencecaraibe.com\/index.php\/wp-json\/wp\/v2\/posts\/8147\/revisions\/9815"}],"wp:featuredmedia":[{"embeddable":true,"href":"https:\/\/frequencecaraibe.com\/index.php\/wp-json\/wp\/v2\/media\/9814"}],"wp:attachment":[{"href":"https:\/\/frequencecaraibe.com\/index.php\/wp-json\/wp\/v2\/media?parent=8147"}],"wp:term":[{"taxonomy":"category","embeddable":true,"href":"https:\/\/frequencecaraibe.com\/index.php\/wp-json\/wp\/v2\/categories?post=8147"},{"taxonomy":"post_tag","embeddable":true,"href":"https:\/\/frequencecaraibe.com\/index.php\/wp-json\/wp\/v2\/tags?post=8147"}],"curies":[{"name":"wp","href":"https:\/\/api.w.org\/{rel}","templated":true}]}}